{"id":12862,"date":"2023-04-24T07:00:58","date_gmt":"2023-04-24T05:00:58","guid":{"rendered":"https:\/\/woerter-see.de\/?post_type=kunden-news&#038;p=12862"},"modified":"2023-04-21T15:01:28","modified_gmt":"2023-04-21T13:01:28","slug":"eva-air-tarifangebot","status":"publish","type":"kunden-news","link":"https:\/\/woerter-see.de\/en\/kunden-news\/eva-air-tarifangebot\/","title":{"rendered":"EVA AIR erweitert das Angebot und Streckennetz f\u00fcr Tarife ab\/bis Europa nach Asien\/Pazifik"},"content":{"rendered":"<p style=\"font-weight: 400;\"><strong>Airline vereinheitlicht Tarifangebote\u00a0und macht Tarife europaweit buchbar<\/strong><\/p>\n<p style=\"font-weight: 400;\">Ab sofort bietet EVA AIR nicht nur den Zugriff auf Tarife ab\/bis M\u00fcnchen, sondern auch auf Tarife ab\/bis allen europ\u00e4ischen Abflugh\u00e4fen Amsterdam, London, Mailand, Paris, Wien auf das EVA AIR Streckennetz.<\/p>\n<p style=\"font-weight: 400;\">Die Aufstockung und Buchung inklusive Anschlussfl\u00fcgen ab\/bis nahezu allen gro\u00dfen europ\u00e4ischen Abflugh\u00e4fen mit Partnerairlines erweitert f\u00fcr deutsche Vertriebs- und Reiseb\u00fcropartner die Verkaufsm\u00f6glichkeiten innerhalb Europas von Fl\u00fcgen nach Taiwan und zu vielen Zielen in Asien.<\/p>\n<p style=\"font-weight: 400;\">Bereits im vergangenen Jahr wurden die Anschlussfl\u00fcge innerhalb Asiens, zum Beispiel um Weiterfl\u00fcge mit Partnerairlines \u00fcber das Drehkreuz Taipeh oder dem Flughafen Bangkok optimiert.<\/p>\n","protected":false},"featured_media":12861,"menu_order":0,"template":"","class_list":["post-12862","kunden-news","type-kunden-news","status-publish","has-post-thumbnail","hentry","kunden-news-kategorie-eva-air-deutschland"],"acf":[],"yoast_head":"<!-- This site is optimized with the Yoast SEO plugin v25.1 - https:\/\/yoast.com\/wordpress\/plugins\/seo\/ -->\n<title>EVA AIR erweitert das Angebot und Streckennetz f\u00fcr Tarife ab\/bis Europa nach Asien\/Pazifik - W\u00f6rterSee<\/title>\n<meta name=\"robots\" content=\"index, follow, max-snippet:-1, max-image-preview:large, max-video-preview:-1\" \/>\n<link rel=\"canonical\" href=\"https:\/\/woerter-see.de\/kunden-news\/eva-air-tarifangebot\/\" \/>\n<meta property=\"og:locale\" content=\"en_US\" \/>\n<meta property=\"og:type\" content=\"article\" \/>\n<meta property=\"og:title\" content=\"EVA AIR erweitert das Angebot und Streckennetz f\u00fcr Tarife ab\/bis Europa nach Asien\/Pazifik\" \/>\n<meta property=\"og:description\" content=\"Airline vereinheitlicht Tarifangebote\u00a0und macht Tarife europaweit buchbar Ab sofort bietet EVA AIR nicht nur den Zugriff auf Tarife ab\/bis M\u00fcnchen, sondern auch auf Tarife ab\/bis allen europ\u00e4ischen Abflugh\u00e4fen Amsterdam, London, Mailand, Paris, Wien auf das EVA AIR Streckennetz. Die Aufstockung und Buchung inklusive Anschlussfl\u00fcgen ab\/bis nahezu allen gro\u00dfen europ\u00e4ischen Abflugh\u00e4fen mit Partnerairlines erweitert f\u00fcr deutsche [&hellip;]\" \/>\n<meta property=\"og:url\" content=\"https:\/\/woerter-see.de\/kunden-news\/eva-air-tarifangebot\/\" \/>\n<meta property=\"og:site_name\" content=\"W\u00f6rterSee\" \/>\n<meta property=\"og:image\" content=\"https:\/\/woerter-see.de\/wp-content\/uploads\/2023\/04\/EVA_AIR-Streckenplan-Querformat_Ausschnitt.png\" \/>\n\t<meta property=\"og:image:width\" content=\"1408\" \/>\n\t<meta property=\"og:image:height\" content=\"957\" \/>\n\t<meta property=\"og:image:type\" content=\"image\/png\" \/>\n<meta name=\"twitter:card\" content=\"summary_large_image\" \/>\n<meta name=\"twitter:label1\" content=\"Est. reading time\" \/>\n\t<meta name=\"twitter:data1\" content=\"1 minute\" \/>\n<script type=\"application\/ld+json\" class=\"yoast-schema-graph\">{\"@context\":\"https:\/\/schema.org\",\"@graph\":[{\"@type\":\"WebPage\",\"@id\":\"https:\/\/woerter-see.de\/kunden-news\/eva-air-tarifangebot\/\",\"url\":\"https:\/\/woerter-see.de\/kunden-news\/eva-air-tarifangebot\/\",\"name\":\"[:de]EVA AIR erweitert das Angebot und Streckennetz f\u00fcr Tarife ab\/bis Europa nach Asien\/Pazifik[:] - W\u00f6rterSee\",\"isPartOf\":{\"@id\":\"https:\/\/woerter-see.de\/#website\"},\"primaryImageOfPage\":{\"@id\":\"https:\/\/woerter-see.de\/kunden-news\/eva-air-tarifangebot\/#primaryimage\"},\"image\":{\"@id\":\"https:\/\/woerter-see.de\/kunden-news\/eva-air-tarifangebot\/#primaryimage\"},\"thumbnailUrl\":\"https:\/\/woerter-see.de\/wp-content\/uploads\/2023\/04\/EVA_AIR-Streckenplan-Querformat_Ausschnitt.png\",\"datePublished\":\"2023-04-24T05:00:58+00:00\",\"breadcrumb\":{\"@id\":\"https:\/\/woerter-see.de\/kunden-news\/eva-air-tarifangebot\/#breadcrumb\"},\"inLanguage\":\"en-US\",\"potentialAction\":[{\"@type\":\"ReadAction\",\"target\":[\"https:\/\/woerter-see.de\/kunden-news\/eva-air-tarifangebot\/\"]}]},{\"@type\":\"ImageObject\",\"inLanguage\":\"en-US\",\"@id\":\"https:\/\/woerter-see.de\/kunden-news\/eva-air-tarifangebot\/#primaryimage\",\"url\":\"https:\/\/woerter-see.de\/wp-content\/uploads\/2023\/04\/EVA_AIR-Streckenplan-Querformat_Ausschnitt.png\",\"contentUrl\":\"https:\/\/woerter-see.de\/wp-content\/uploads\/2023\/04\/EVA_AIR-Streckenplan-Querformat_Ausschnitt.png\",\"width\":1408,\"height\":957},{\"@type\":\"BreadcrumbList\",\"@id\":\"https:\/\/woerter-see.de\/kunden-news\/eva-air-tarifangebot\/#breadcrumb\",\"itemListElement\":[{\"@type\":\"ListItem\",\"position\":1,\"name\":\"Startseite\",\"item\":\"https:\/\/woerter-see.de\/\"},{\"@type\":\"ListItem\",\"position\":2,\"name\":\"Kunden-News\",\"item\":\"https:\/\/woerter-see.de\/kunden-news\/\"},{\"@type\":\"ListItem\",\"position\":3,\"name\":\"EVA AIR erweitert das Angebot und Streckennetz f\u00fcr Tarife ab\/bis Europa nach Asien\/Pazifik\"}]},{\"@type\":\"WebSite\",\"@id\":\"https:\/\/woerter-see.de\/#website\",\"url\":\"https:\/\/woerter-see.de\/\",\"name\":\"W\u00f6rterSee\",\"description\":\"Public Relations - PR and Communication made in Bielefeld\",\"potentialAction\":[{\"@type\":\"SearchAction\",\"target\":{\"@type\":\"EntryPoint\",\"urlTemplate\":\"https:\/\/woerter-see.de\/?s={search_term_string}\"},\"query-input\":{\"@type\":\"PropertyValueSpecification\",\"valueRequired\":true,\"valueName\":\"search_term_string\"}}],\"inLanguage\":\"en-US\"}]}<\/script>\n<!-- \/ Yoast SEO plugin. -->","yoast_head_json":{"title":"EVA AIR erweitert das Angebot und Streckennetz f\u00fcr Tarife ab\/bis Europa nach Asien\/Pazifik - W\u00f6rterSee","robots":{"index":"index","follow":"follow","max-snippet":"max-snippet:-1","max-image-preview":"max-image-preview:large","max-video-preview":"max-video-preview:-1"},"canonical":"https:\/\/woerter-see.de\/kunden-news\/eva-air-tarifangebot\/","og_locale":"en_US","og_type":"article","og_title":"[:de]EVA AIR erweitert das Angebot und Streckennetz f\u00fcr Tarife ab\/bis Europa nach Asien\/Pazifik[:] - W\u00f6rterSee","og_description":"Airline vereinheitlicht Tarifangebote\u00a0und macht Tarife europaweit buchbar Ab sofort bietet EVA AIR nicht nur den Zugriff auf Tarife ab\/bis M\u00fcnchen, sondern auch auf Tarife ab\/bis allen europ\u00e4ischen Abflugh\u00e4fen Amsterdam, London, Mailand, Paris, Wien auf das EVA AIR Streckennetz. Die Aufstockung und Buchung inklusive Anschlussfl\u00fcgen ab\/bis nahezu allen gro\u00dfen europ\u00e4ischen Abflugh\u00e4fen mit Partnerairlines erweitert f\u00fcr deutsche [&hellip;]","og_url":"https:\/\/woerter-see.de\/kunden-news\/eva-air-tarifangebot\/","og_site_name":"W\u00f6rterSee","og_image":[{"width":1408,"height":957,"url":"https:\/\/woerter-see.de\/wp-content\/uploads\/2023\/04\/EVA_AIR-Streckenplan-Querformat_Ausschnitt.png","type":"image\/png"}],"twitter_card":"summary_large_image","twitter_misc":{"Est. reading time":"1 minute"},"schema":{"@context":"https:\/\/schema.org","@graph":[{"@type":"WebPage","@id":"https:\/\/woerter-see.de\/kunden-news\/eva-air-tarifangebot\/","url":"https:\/\/woerter-see.de\/kunden-news\/eva-air-tarifangebot\/","name":"[:de]EVA AIR erweitert das Angebot und Streckennetz f\u00fcr Tarife ab\/bis Europa nach Asien\/Pazifik[:] - W\u00f6rterSee","isPartOf":{"@id":"https:\/\/woerter-see.de\/#website"},"primaryImageOfPage":{"@id":"https:\/\/woerter-see.de\/kunden-news\/eva-air-tarifangebot\/#primaryimage"},"image":{"@id":"https:\/\/woerter-see.de\/kunden-news\/eva-air-tarifangebot\/#primaryimage"},"thumbnailUrl":"https:\/\/woerter-see.de\/wp-content\/uploads\/2023\/04\/EVA_AIR-Streckenplan-Querformat_Ausschnitt.png","datePublished":"2023-04-24T05:00:58+00:00","breadcrumb":{"@id":"https:\/\/woerter-see.de\/kunden-news\/eva-air-tarifangebot\/#breadcrumb"},"inLanguage":"en-US","potentialAction":[{"@type":"ReadAction","target":["https:\/\/woerter-see.de\/kunden-news\/eva-air-tarifangebot\/"]}]},{"@type":"ImageObject","inLanguage":"en-US","@id":"https:\/\/woerter-see.de\/kunden-news\/eva-air-tarifangebot\/#primaryimage","url":"https:\/\/woerter-see.de\/wp-content\/uploads\/2023\/04\/EVA_AIR-Streckenplan-Querformat_Ausschnitt.png","contentUrl":"https:\/\/woerter-see.de\/wp-content\/uploads\/2023\/04\/EVA_AIR-Streckenplan-Querformat_Ausschnitt.png","width":1408,"height":957},{"@type":"BreadcrumbList","@id":"https:\/\/woerter-see.de\/kunden-news\/eva-air-tarifangebot\/#breadcrumb","itemListElement":[{"@type":"ListItem","position":1,"name":"Startseite","item":"https:\/\/woerter-see.de\/"},{"@type":"ListItem","position":2,"name":"Kunden-News","item":"https:\/\/woerter-see.de\/kunden-news\/"},{"@type":"ListItem","position":3,"name":"EVA AIR erweitert das Angebot und Streckennetz f\u00fcr Tarife ab\/bis Europa nach Asien\/Pazifik"}]},{"@type":"WebSite","@id":"https:\/\/woerter-see.de\/#website","url":"https:\/\/woerter-see.de\/","name":"W\u00f6rterSee","description":"Public Relations - PR and Communication made in Bielefeld","potentialAction":[{"@type":"SearchAction","target":{"@type":"EntryPoint","urlTemplate":"https:\/\/woerter-see.de\/?s={search_term_string}"},"query-input":{"@type":"PropertyValueSpecification","valueRequired":true,"valueName":"search_term_string"}}],"inLanguage":"en-US"}]}},"_links":{"self":[{"href":"https:\/\/woerter-see.de\/en\/wp-json\/wp\/v2\/kunden-news\/12862","targetHints":{"allow":["GET"]}}],"collection":[{"href":"https:\/\/woerter-see.de\/en\/wp-json\/wp\/v2\/kunden-news"}],"about":[{"href":"https:\/\/woerter-see.de\/en\/wp-json\/wp\/v2\/types\/kunden-news"}],"wp:featuredmedia":[{"embeddable":true,"href":"https:\/\/woerter-see.de\/en\/wp-json\/wp\/v2\/media\/12861"}],"wp:attachment":[{"href":"https:\/\/woerter-see.de\/en\/wp-json\/wp\/v2\/media?parent=12862"}],"curies":[{"name":"wp","href":"https:\/\/api.w.org\/{rel}","templated":true}]}}