{"id":12292,"date":"2021-09-30T10:52:30","date_gmt":"2021-09-30T08:52:30","guid":{"rendered":"https:\/\/woerter-see.de\/?post_type=kunden-news&#038;p=12292"},"modified":"2021-09-30T15:38:51","modified_gmt":"2021-09-30T13:38:51","slug":"xxl-korrektionsbrillen-aigner","status":"publish","type":"kunden-news","link":"https:\/\/woerter-see.de\/en\/kunden-news\/xxl-korrektionsbrillen-aigner\/","title":{"rendered":"XXL-Korrektionsbrillen von AIGNER"},"content":{"rendered":"<p>Schwarz, Havanna, Blau: Die neue Korrektionsbrille Iliano von AIGNER ist nicht zu \u00fcbersehen und bringt das 1970er-Flair zur\u00fcck. Die Korrektionsbrille Imelada gibt es in Gr\u00fcn-Beige, Schwarz und Havanna und ist die perfekte Wahl f\u00fcr alle, die eine XXL-Korrektionsbrille suchen. Beide Modelle sind aus Kunststoff gefertigt.<\/p>\n<p>Die Preise der jeweiligen Brillen finden Sie in der Fotokennzeichnung.<\/p>\n<p>Fotonachweis: AIGNER<\/p>\n<h6>Bitte beachten Sie, dass die Farben des Vorschaubildes aufgrund der Darstellung am Bildschirm zum Teil nicht den Originalfarben entsprechen. Sobald Sie das jeweilige Bild herunterladen, erhalten Sie das druckf\u00e4hige Foto mit korrekter Farbdarstellung.<\/h6>\n<p>&nbsp;<\/p>\n","protected":false},"featured_media":12287,"menu_order":0,"template":"","class_list":["post-12292","kunden-news","type-kunden-news","status-publish","has-post-thumbnail","hentry","kunden-news-kategorie-aigner-eyewear"],"acf":[],"yoast_head":"<!-- This site is optimized with the Yoast SEO plugin v25.1 - https:\/\/yoast.com\/wordpress\/plugins\/seo\/ -->\n<title>XXL-Korrektionsbrillen von AIGNER - W\u00f6rterSee<\/title>\n<meta name=\"robots\" content=\"index, follow, max-snippet:-1, max-image-preview:large, max-video-preview:-1\" \/>\n<link rel=\"canonical\" href=\"https:\/\/woerter-see.de\/en\/kunden-news\/xxl-korrektionsbrillen-aigner\/\" \/>\n<meta property=\"og:locale\" content=\"en_US\" \/>\n<meta property=\"og:type\" content=\"article\" \/>\n<meta property=\"og:title\" content=\"XXL-Korrektionsbrillen von AIGNER\" \/>\n<meta property=\"og:description\" content=\"Schwarz, Havanna, Blau: Die neue Korrektionsbrille Iliano von AIGNER ist nicht zu \u00fcbersehen und bringt das 1970er-Flair zur\u00fcck. Die Korrektionsbrille Imelada gibt es in Gr\u00fcn-Beige, Schwarz und Havanna und ist die perfekte Wahl f\u00fcr alle, die eine XXL-Korrektionsbrille suchen. Beide Modelle sind aus Kunststoff gefertigt. Die Preise der jeweiligen Brillen finden Sie in der Fotokennzeichnung. [&hellip;]\" \/>\n<meta property=\"og:url\" content=\"https:\/\/woerter-see.de\/en\/kunden-news\/xxl-korrektionsbrillen-aigner\/\" \/>\n<meta property=\"og:site_name\" content=\"W\u00f6rterSee\" \/>\n<meta property=\"article:modified_time\" content=\"2021-09-30T13:38:51+00:00\" \/>\n<meta property=\"og:image\" content=\"https:\/\/woerter-see.de\/wp-content\/uploads\/2021\/08\/Aigner_Imelda_30603-00570_224_90_Euro-scaled.jpg\" \/>\n\t<meta property=\"og:image:width\" content=\"2560\" \/>\n\t<meta property=\"og:image:height\" content=\"1279\" \/>\n\t<meta property=\"og:image:type\" content=\"image\/jpeg\" \/>\n<meta name=\"twitter:card\" content=\"summary_large_image\" \/>\n<meta name=\"twitter:label1\" content=\"Est. reading time\" \/>\n\t<meta name=\"twitter:data1\" content=\"1 minute\" \/>\n<script type=\"application\/ld+json\" class=\"yoast-schema-graph\">{\"@context\":\"https:\/\/schema.org\",\"@graph\":[{\"@type\":\"WebPage\",\"@id\":\"https:\/\/woerter-see.de\/en\/kunden-news\/xxl-korrektionsbrillen-aigner\/\",\"url\":\"https:\/\/woerter-see.de\/en\/kunden-news\/xxl-korrektionsbrillen-aigner\/\",\"name\":\"[:de]XXL-Korrektionsbrillen von AIGNER[:] - W\u00f6rterSee\",\"isPartOf\":{\"@id\":\"https:\/\/woerter-see.de\/#website\"},\"primaryImageOfPage\":{\"@id\":\"https:\/\/woerter-see.de\/en\/kunden-news\/xxl-korrektionsbrillen-aigner\/#primaryimage\"},\"image\":{\"@id\":\"https:\/\/woerter-see.de\/en\/kunden-news\/xxl-korrektionsbrillen-aigner\/#primaryimage\"},\"thumbnailUrl\":\"https:\/\/woerter-see.de\/wp-content\/uploads\/2021\/08\/Aigner_Imelda_30603-00570_224_90_Euro-scaled.jpg\",\"datePublished\":\"2021-09-30T08:52:30+00:00\",\"dateModified\":\"2021-09-30T13:38:51+00:00\",\"breadcrumb\":{\"@id\":\"https:\/\/woerter-see.de\/en\/kunden-news\/xxl-korrektionsbrillen-aigner\/#breadcrumb\"},\"inLanguage\":\"en-US\",\"potentialAction\":[{\"@type\":\"ReadAction\",\"target\":[\"https:\/\/woerter-see.de\/en\/kunden-news\/xxl-korrektionsbrillen-aigner\/\"]}]},{\"@type\":\"ImageObject\",\"inLanguage\":\"en-US\",\"@id\":\"https:\/\/woerter-see.de\/en\/kunden-news\/xxl-korrektionsbrillen-aigner\/#primaryimage\",\"url\":\"https:\/\/woerter-see.de\/wp-content\/uploads\/2021\/08\/Aigner_Imelda_30603-00570_224_90_Euro-scaled.jpg\",\"contentUrl\":\"https:\/\/woerter-see.de\/wp-content\/uploads\/2021\/08\/Aigner_Imelda_30603-00570_224_90_Euro-scaled.jpg\",\"width\":2560,\"height\":1279},{\"@type\":\"BreadcrumbList\",\"@id\":\"https:\/\/woerter-see.de\/en\/kunden-news\/xxl-korrektionsbrillen-aigner\/#breadcrumb\",\"itemListElement\":[{\"@type\":\"ListItem\",\"position\":1,\"name\":\"Startseite\",\"item\":\"https:\/\/woerter-see.de\/\"},{\"@type\":\"ListItem\",\"position\":2,\"name\":\"Kunden-News\",\"item\":\"https:\/\/woerter-see.de\/kunden-news\/\"},{\"@type\":\"ListItem\",\"position\":3,\"name\":\"XXL-Korrektionsbrillen von AIGNER\"}]},{\"@type\":\"WebSite\",\"@id\":\"https:\/\/woerter-see.de\/#website\",\"url\":\"https:\/\/woerter-see.de\/\",\"name\":\"W\u00f6rterSee\",\"description\":\"Public Relations - PR and Communication made in Bielefeld\",\"potentialAction\":[{\"@type\":\"SearchAction\",\"target\":{\"@type\":\"EntryPoint\",\"urlTemplate\":\"https:\/\/woerter-see.de\/?s={search_term_string}\"},\"query-input\":{\"@type\":\"PropertyValueSpecification\",\"valueRequired\":true,\"valueName\":\"search_term_string\"}}],\"inLanguage\":\"en-US\"}]}<\/script>\n<!-- \/ Yoast SEO plugin. -->","yoast_head_json":{"title":"XXL-Korrektionsbrillen von AIGNER - W\u00f6rterSee","robots":{"index":"index","follow":"follow","max-snippet":"max-snippet:-1","max-image-preview":"max-image-preview:large","max-video-preview":"max-video-preview:-1"},"canonical":"https:\/\/woerter-see.de\/en\/kunden-news\/xxl-korrektionsbrillen-aigner\/","og_locale":"en_US","og_type":"article","og_title":"[:de]XXL-Korrektionsbrillen von AIGNER[:] - W\u00f6rterSee","og_description":"Schwarz, Havanna, Blau: Die neue Korrektionsbrille Iliano von AIGNER ist nicht zu \u00fcbersehen und bringt das 1970er-Flair zur\u00fcck. Die Korrektionsbrille Imelada gibt es in Gr\u00fcn-Beige, Schwarz und Havanna und ist die perfekte Wahl f\u00fcr alle, die eine XXL-Korrektionsbrille suchen. Beide Modelle sind aus Kunststoff gefertigt. Die Preise der jeweiligen Brillen finden Sie in der Fotokennzeichnung. [&hellip;]","og_url":"https:\/\/woerter-see.de\/en\/kunden-news\/xxl-korrektionsbrillen-aigner\/","og_site_name":"W\u00f6rterSee","article_modified_time":"2021-09-30T13:38:51+00:00","og_image":[{"width":2560,"height":1279,"url":"https:\/\/woerter-see.de\/wp-content\/uploads\/2021\/08\/Aigner_Imelda_30603-00570_224_90_Euro-scaled.jpg","type":"image\/jpeg"}],"twitter_card":"summary_large_image","twitter_misc":{"Est. reading time":"1 minute"},"schema":{"@context":"https:\/\/schema.org","@graph":[{"@type":"WebPage","@id":"https:\/\/woerter-see.de\/en\/kunden-news\/xxl-korrektionsbrillen-aigner\/","url":"https:\/\/woerter-see.de\/en\/kunden-news\/xxl-korrektionsbrillen-aigner\/","name":"[:de]XXL-Korrektionsbrillen von AIGNER[:] - W\u00f6rterSee","isPartOf":{"@id":"https:\/\/woerter-see.de\/#website"},"primaryImageOfPage":{"@id":"https:\/\/woerter-see.de\/en\/kunden-news\/xxl-korrektionsbrillen-aigner\/#primaryimage"},"image":{"@id":"https:\/\/woerter-see.de\/en\/kunden-news\/xxl-korrektionsbrillen-aigner\/#primaryimage"},"thumbnailUrl":"https:\/\/woerter-see.de\/wp-content\/uploads\/2021\/08\/Aigner_Imelda_30603-00570_224_90_Euro-scaled.jpg","datePublished":"2021-09-30T08:52:30+00:00","dateModified":"2021-09-30T13:38:51+00:00","breadcrumb":{"@id":"https:\/\/woerter-see.de\/en\/kunden-news\/xxl-korrektionsbrillen-aigner\/#breadcrumb"},"inLanguage":"en-US","potentialAction":[{"@type":"ReadAction","target":["https:\/\/woerter-see.de\/en\/kunden-news\/xxl-korrektionsbrillen-aigner\/"]}]},{"@type":"ImageObject","inLanguage":"en-US","@id":"https:\/\/woerter-see.de\/en\/kunden-news\/xxl-korrektionsbrillen-aigner\/#primaryimage","url":"https:\/\/woerter-see.de\/wp-content\/uploads\/2021\/08\/Aigner_Imelda_30603-00570_224_90_Euro-scaled.jpg","contentUrl":"https:\/\/woerter-see.de\/wp-content\/uploads\/2021\/08\/Aigner_Imelda_30603-00570_224_90_Euro-scaled.jpg","width":2560,"height":1279},{"@type":"BreadcrumbList","@id":"https:\/\/woerter-see.de\/en\/kunden-news\/xxl-korrektionsbrillen-aigner\/#breadcrumb","itemListElement":[{"@type":"ListItem","position":1,"name":"Startseite","item":"https:\/\/woerter-see.de\/"},{"@type":"ListItem","position":2,"name":"Kunden-News","item":"https:\/\/woerter-see.de\/kunden-news\/"},{"@type":"ListItem","position":3,"name":"XXL-Korrektionsbrillen von AIGNER"}]},{"@type":"WebSite","@id":"https:\/\/woerter-see.de\/#website","url":"https:\/\/woerter-see.de\/","name":"W\u00f6rterSee","description":"Public Relations - PR and Communication made in Bielefeld","potentialAction":[{"@type":"SearchAction","target":{"@type":"EntryPoint","urlTemplate":"https:\/\/woerter-see.de\/?s={search_term_string}"},"query-input":{"@type":"PropertyValueSpecification","valueRequired":true,"valueName":"search_term_string"}}],"inLanguage":"en-US"}]}},"_links":{"self":[{"href":"https:\/\/woerter-see.de\/en\/wp-json\/wp\/v2\/kunden-news\/12292","targetHints":{"allow":["GET"]}}],"collection":[{"href":"https:\/\/woerter-see.de\/en\/wp-json\/wp\/v2\/kunden-news"}],"about":[{"href":"https:\/\/woerter-see.de\/en\/wp-json\/wp\/v2\/types\/kunden-news"}],"wp:featuredmedia":[{"embeddable":true,"href":"https:\/\/woerter-see.de\/en\/wp-json\/wp\/v2\/media\/12287"}],"wp:attachment":[{"href":"https:\/\/woerter-see.de\/en\/wp-json\/wp\/v2\/media?parent=12292"}],"curies":[{"name":"wp","href":"https:\/\/api.w.org\/{rel}","templated":true}]}}