{"id":12236,"date":"2021-06-24T15:18:49","date_gmt":"2021-06-24T13:18:49","guid":{"rendered":"https:\/\/woerter-see.de\/?post_type=agentur-news&#038;p=12236"},"modified":"2021-06-24T15:46:43","modified_gmt":"2021-06-24T13:46:43","slug":"pressegespraech-bei-eggelbusch","status":"publish","type":"agentur-news","link":"https:\/\/woerter-see.de\/en\/agentur-news\/pressegespraech-bei-eggelbusch\/","title":{"rendered":"Press meeting at Eggelbusch"},"content":{"rendered":"<p>Neue Westf\u00e4lische, Die Glocke and Westfalen Blatt: All three local daily newspapers were on site at Eggelbusch in Harsewinkel and gladly accepted the invitation to a press conference. The reason: The medium-sized company in the processing meat industry is one of the TOP 100 innovators and will receive the TOP 100 seal 2021. A &#8220;team effort&#8221;, as managing partner Snezana Sch\u00fcrmann always emphasizes. We can only confirm that everyone at Eggelbusch works hand in hand and look forward to further projects in the field of marketing and communication.<\/p>\n<p>&nbsp;<\/p>\n<p><img loading=\"lazy\" decoding=\"async\" class=\"alignnone size-medium wp-image-12234\" src=\"https:\/\/woerter-see.de\/wp-content\/uploads\/2021\/06\/NW-Eggelbusch_TOP-100-538x750.jpg\" alt=\"\" width=\"538\" height=\"750\" srcset=\"https:\/\/woerter-see.de\/wp-content\/uploads\/2021\/06\/NW-Eggelbusch_TOP-100-538x750.jpg 538w, https:\/\/woerter-see.de\/wp-content\/uploads\/2021\/06\/NW-Eggelbusch_TOP-100-775x1080.jpg 775w, https:\/\/woerter-see.de\/wp-content\/uploads\/2021\/06\/NW-Eggelbusch_TOP-100-215x300.jpg 215w, https:\/\/woerter-see.de\/wp-content\/uploads\/2021\/06\/NW-Eggelbusch_TOP-100-768x1070.jpg 768w, https:\/\/woerter-see.de\/wp-content\/uploads\/2021\/06\/NW-Eggelbusch_TOP-100.jpg 1008w\" sizes=\"auto, (max-width: 538px) 100vw, 538px\" \/><\/p>\n","protected":false},"featured_media":12235,"menu_order":0,"template":"","class_list":["post-12236","agentur-news","type-agentur-news","status-publish","has-post-thumbnail","hentry"],"acf":[],"yoast_head":"<!-- This site is optimized with the Yoast SEO plugin v25.1 - https:\/\/yoast.com\/wordpress\/plugins\/seo\/ -->\n<title>Press meeting at Eggelbusch - W\u00f6rterSee<\/title>\n<meta name=\"robots\" content=\"index, follow, max-snippet:-1, max-image-preview:large, max-video-preview:-1\" \/>\n<link rel=\"canonical\" href=\"https:\/\/woerter-see.de\/agentur-news\/pressegespraech-bei-eggelbusch\/\" \/>\n<meta property=\"og:locale\" content=\"en_US\" \/>\n<meta property=\"og:type\" content=\"article\" \/>\n<meta property=\"og:title\" content=\"Press meeting at Eggelbusch\" \/>\n<meta property=\"og:description\" content=\"Neue Westf\u00e4lische, Die Glocke and Westfalen Blatt: All three local daily newspapers were on site at Eggelbusch in Harsewinkel and gladly accepted the invitation to a press conference. The reason: The medium-sized company in the processing meat industry is one of the TOP 100 innovators and will receive the TOP 100 seal 2021. A &#8220;team [&hellip;]\" \/>\n<meta property=\"og:url\" content=\"https:\/\/woerter-see.de\/agentur-news\/pressegespraech-bei-eggelbusch\/\" \/>\n<meta property=\"og:site_name\" content=\"W\u00f6rterSee\" \/>\n<meta property=\"article:modified_time\" content=\"2021-06-24T13:46:43+00:00\" \/>\n<meta property=\"og:image\" content=\"https:\/\/woerter-see.de\/wp-content\/uploads\/2021\/06\/pr_eggelbusch_top-100_4-1-scaled.jpg\" \/>\n\t<meta property=\"og:image:width\" content=\"1877\" \/>\n\t<meta property=\"og:image:height\" content=\"2560\" \/>\n\t<meta property=\"og:image:type\" content=\"image\/jpeg\" \/>\n<meta name=\"twitter:card\" content=\"summary_large_image\" \/>\n<meta name=\"twitter:label1\" content=\"Est. reading time\" \/>\n\t<meta name=\"twitter:data1\" content=\"1 minute\" \/>\n<script type=\"application\/ld+json\" class=\"yoast-schema-graph\">{\"@context\":\"https:\/\/schema.org\",\"@graph\":[{\"@type\":\"WebPage\",\"@id\":\"https:\/\/woerter-see.de\/agentur-news\/pressegespraech-bei-eggelbusch\/\",\"url\":\"https:\/\/woerter-see.de\/agentur-news\/pressegespraech-bei-eggelbusch\/\",\"name\":\"[:en]Press meeting at Eggelbusch[:de]Pressegespr\u00e4ch bei Eggelbusch[:] - W\u00f6rterSee\",\"isPartOf\":{\"@id\":\"https:\/\/woerter-see.de\/#website\"},\"primaryImageOfPage\":{\"@id\":\"https:\/\/woerter-see.de\/agentur-news\/pressegespraech-bei-eggelbusch\/#primaryimage\"},\"image\":{\"@id\":\"https:\/\/woerter-see.de\/agentur-news\/pressegespraech-bei-eggelbusch\/#primaryimage\"},\"thumbnailUrl\":\"https:\/\/woerter-see.de\/wp-content\/uploads\/2021\/06\/pr_eggelbusch_top-100_4-1-scaled.jpg\",\"datePublished\":\"2021-06-24T13:18:49+00:00\",\"dateModified\":\"2021-06-24T13:46:43+00:00\",\"breadcrumb\":{\"@id\":\"https:\/\/woerter-see.de\/agentur-news\/pressegespraech-bei-eggelbusch\/#breadcrumb\"},\"inLanguage\":\"en-US\",\"potentialAction\":[{\"@type\":\"ReadAction\",\"target\":[\"https:\/\/woerter-see.de\/agentur-news\/pressegespraech-bei-eggelbusch\/\"]}]},{\"@type\":\"ImageObject\",\"inLanguage\":\"en-US\",\"@id\":\"https:\/\/woerter-see.de\/agentur-news\/pressegespraech-bei-eggelbusch\/#primaryimage\",\"url\":\"https:\/\/woerter-see.de\/wp-content\/uploads\/2021\/06\/pr_eggelbusch_top-100_4-1-scaled.jpg\",\"contentUrl\":\"https:\/\/woerter-see.de\/wp-content\/uploads\/2021\/06\/pr_eggelbusch_top-100_4-1-scaled.jpg\",\"width\":1877,\"height\":2560},{\"@type\":\"BreadcrumbList\",\"@id\":\"https:\/\/woerter-see.de\/agentur-news\/pressegespraech-bei-eggelbusch\/#breadcrumb\",\"itemListElement\":[{\"@type\":\"ListItem\",\"position\":1,\"name\":\"Startseite\",\"item\":\"https:\/\/woerter-see.de\/\"},{\"@type\":\"ListItem\",\"position\":2,\"name\":\"Agentur-News\",\"item\":\"https:\/\/woerter-see.de\/agentur-news\/\"},{\"@type\":\"ListItem\",\"position\":3,\"name\":\"Pressegespr\u00e4ch bei Eggelbusch\"}]},{\"@type\":\"WebSite\",\"@id\":\"https:\/\/woerter-see.de\/#website\",\"url\":\"https:\/\/woerter-see.de\/\",\"name\":\"W\u00f6rterSee\",\"description\":\"Public Relations - PR and Communication made in Bielefeld\",\"potentialAction\":[{\"@type\":\"SearchAction\",\"target\":{\"@type\":\"EntryPoint\",\"urlTemplate\":\"https:\/\/woerter-see.de\/?s={search_term_string}\"},\"query-input\":{\"@type\":\"PropertyValueSpecification\",\"valueRequired\":true,\"valueName\":\"search_term_string\"}}],\"inLanguage\":\"en-US\"}]}<\/script>\n<!-- \/ Yoast SEO plugin. -->","yoast_head_json":{"title":"Press meeting at Eggelbusch - W\u00f6rterSee","robots":{"index":"index","follow":"follow","max-snippet":"max-snippet:-1","max-image-preview":"max-image-preview:large","max-video-preview":"max-video-preview:-1"},"canonical":"https:\/\/woerter-see.de\/agentur-news\/pressegespraech-bei-eggelbusch\/","og_locale":"en_US","og_type":"article","og_title":"[:en]Press meeting at Eggelbusch[:de]Pressegespr\u00e4ch bei Eggelbusch[:] - W\u00f6rterSee","og_description":"Neue Westf\u00e4lische, Die Glocke and Westfalen Blatt: All three local daily newspapers were on site at Eggelbusch in Harsewinkel and gladly accepted the invitation to a press conference. The reason: The medium-sized company in the processing meat industry is one of the TOP 100 innovators and will receive the TOP 100 seal 2021. A &#8220;team [&hellip;]","og_url":"https:\/\/woerter-see.de\/agentur-news\/pressegespraech-bei-eggelbusch\/","og_site_name":"W\u00f6rterSee","article_modified_time":"2021-06-24T13:46:43+00:00","og_image":[{"width":1877,"height":2560,"url":"https:\/\/woerter-see.de\/wp-content\/uploads\/2021\/06\/pr_eggelbusch_top-100_4-1-scaled.jpg","type":"image\/jpeg"}],"twitter_card":"summary_large_image","twitter_misc":{"Est. reading time":"1 minute"},"schema":{"@context":"https:\/\/schema.org","@graph":[{"@type":"WebPage","@id":"https:\/\/woerter-see.de\/agentur-news\/pressegespraech-bei-eggelbusch\/","url":"https:\/\/woerter-see.de\/agentur-news\/pressegespraech-bei-eggelbusch\/","name":"[:en]Press meeting at Eggelbusch[:de]Pressegespr\u00e4ch bei Eggelbusch[:] - W\u00f6rterSee","isPartOf":{"@id":"https:\/\/woerter-see.de\/#website"},"primaryImageOfPage":{"@id":"https:\/\/woerter-see.de\/agentur-news\/pressegespraech-bei-eggelbusch\/#primaryimage"},"image":{"@id":"https:\/\/woerter-see.de\/agentur-news\/pressegespraech-bei-eggelbusch\/#primaryimage"},"thumbnailUrl":"https:\/\/woerter-see.de\/wp-content\/uploads\/2021\/06\/pr_eggelbusch_top-100_4-1-scaled.jpg","datePublished":"2021-06-24T13:18:49+00:00","dateModified":"2021-06-24T13:46:43+00:00","breadcrumb":{"@id":"https:\/\/woerter-see.de\/agentur-news\/pressegespraech-bei-eggelbusch\/#breadcrumb"},"inLanguage":"en-US","potentialAction":[{"@type":"ReadAction","target":["https:\/\/woerter-see.de\/agentur-news\/pressegespraech-bei-eggelbusch\/"]}]},{"@type":"ImageObject","inLanguage":"en-US","@id":"https:\/\/woerter-see.de\/agentur-news\/pressegespraech-bei-eggelbusch\/#primaryimage","url":"https:\/\/woerter-see.de\/wp-content\/uploads\/2021\/06\/pr_eggelbusch_top-100_4-1-scaled.jpg","contentUrl":"https:\/\/woerter-see.de\/wp-content\/uploads\/2021\/06\/pr_eggelbusch_top-100_4-1-scaled.jpg","width":1877,"height":2560},{"@type":"BreadcrumbList","@id":"https:\/\/woerter-see.de\/agentur-news\/pressegespraech-bei-eggelbusch\/#breadcrumb","itemListElement":[{"@type":"ListItem","position":1,"name":"Startseite","item":"https:\/\/woerter-see.de\/"},{"@type":"ListItem","position":2,"name":"Agentur-News","item":"https:\/\/woerter-see.de\/agentur-news\/"},{"@type":"ListItem","position":3,"name":"Pressegespr\u00e4ch bei Eggelbusch"}]},{"@type":"WebSite","@id":"https:\/\/woerter-see.de\/#website","url":"https:\/\/woerter-see.de\/","name":"W\u00f6rterSee","description":"Public Relations - PR and Communication made in Bielefeld","potentialAction":[{"@type":"SearchAction","target":{"@type":"EntryPoint","urlTemplate":"https:\/\/woerter-see.de\/?s={search_term_string}"},"query-input":{"@type":"PropertyValueSpecification","valueRequired":true,"valueName":"search_term_string"}}],"inLanguage":"en-US"}]}},"_links":{"self":[{"href":"https:\/\/woerter-see.de\/en\/wp-json\/wp\/v2\/agentur-news\/12236","targetHints":{"allow":["GET"]}}],"collection":[{"href":"https:\/\/woerter-see.de\/en\/wp-json\/wp\/v2\/agentur-news"}],"about":[{"href":"https:\/\/woerter-see.de\/en\/wp-json\/wp\/v2\/types\/agentur-news"}],"wp:featuredmedia":[{"embeddable":true,"href":"https:\/\/woerter-see.de\/en\/wp-json\/wp\/v2\/media\/12235"}],"wp:attachment":[{"href":"https:\/\/woerter-see.de\/en\/wp-json\/wp\/v2\/media?parent=12236"}],"curies":[{"name":"wp","href":"https:\/\/api.w.org\/{rel}","templated":true}]}}